[{"@context":"https:\/\/schema.org\/","@type":"Article","@id":"https:\/\/www.denro.sk\/gelove-nechty-na-kazde-rocne-obdobie\/#Article","mainEntityOfPage":"https:\/\/www.denro.sk\/gelove-nechty-na-kazde-rocne-obdobie\/","headline":"G\u00e9lov\u00e9 nechty na ka\u017ed\u00e9 ro\u010dn\u00e9 obdobie","name":"G\u00e9lov\u00e9 nechty na ka\u017ed\u00e9 ro\u010dn\u00e9 obdobie","description":"Nie ka\u017edej \u017eene sa v\u0161ak o svoje nechty chce stara\u0165. Najm\u00e4 v pr\u00edpade, \u017ee vykon\u00e1vame manu\u00e1lnu pr\u00e1cu a na\u0161e nechty s\u00fa ka\u017ed\u00fdm d\u0148om vystavovan\u00e9 ve\u013ekej n\u00e1mahe. Na\u010do by si tak\u00e9to \u017eeny lakovali svoje nechty, ke\u010f lak r\u00fdchlo zlezie? V pr\u00edpade klasick\u00e9ho laku je skuto\u010dne n\u00edzka trv\u00e1cnos\u0165 nepr\u00edjemn\u00fdm z\u00e1\u017eitkom. Preto \u010doraz viac \u017eien preferuje g\u00e9lov\u00e9 nechty. ... <a title=\"G\u00e9lov\u00e9 nechty na ka\u017ed\u00e9 ro\u010dn\u00e9 obdobie\" class=\"read-more\" href=\"https:\/\/www.denro.sk\/gelove-nechty-na-kazde-rocne-obdobie\/\">Read more<span class=\"screen-reader-text\">G\u00e9lov\u00e9 nechty na ka\u017ed\u00e9 ro\u010dn\u00e9 obdobie<\/span><\/a>","datePublished":"2023-07-18","dateModified":"2023-07-18","author":{"@type":"Person","@id":"https:\/\/www.denro.sk\/author\/#Person","name":"","url":"https:\/\/www.denro.sk\/author\/","identifier":1,"image":{"@type":"ImageObject","@id":"https:\/\/secure.gravatar.com\/avatar\/4ae18345300f35922a2a7b2caa17564b68acab8514eff939a8a019efde378c24?s=96&d=mm&r=g","url":"https:\/\/secure.gravatar.com\/avatar\/4ae18345300f35922a2a7b2caa17564b68acab8514eff939a8a019efde378c24?s=96&d=mm&r=g","height":96,"width":96}},"publisher":{"@type":"Organization","name":"denro.sk","logo":{"@type":"ImageObject","@id":"\/logo.png","url":"\/logo.png","width":600,"height":60}},"image":{"@type":"ImageObject","@id":"https:\/\/www.denro.sk\/wp-content\/uploads\/gel-nails-1267522_1280-2_2.jpg","url":"https:\/\/www.denro.sk\/wp-content\/uploads\/gel-nails-1267522_1280-2_2.jpg","height":0,"width":0},"url":"https:\/\/www.denro.sk\/gelove-nechty-na-kazde-rocne-obdobie\/","wordCount":398,"articleBody":"   Nie ka\u017edej \u017eene sa v\u0161ak o svoje nechty chce stara\u0165. Najm\u00e4 v pr\u00edpade, \u017ee vykon\u00e1vame manu\u00e1lnu pr\u00e1cu a na\u0161e nechty s\u00fa ka\u017ed\u00fdm d\u0148om vystavovan\u00e9 ve\u013ekej n\u00e1mahe. Na\u010do by si tak\u00e9to \u017eeny lakovali svoje nechty, ke\u010f lak r\u00fdchlo zlezie? V pr\u00edpade klasick\u00e9ho laku je skuto\u010dne n\u00edzka trv\u00e1cnos\u0165 nepr\u00edjemn\u00fdm z\u00e1\u017eitkom. Preto \u010doraz viac \u017eien preferuje g\u00e9lov\u00e9 nechty. G\u00e9lov\u00e9 nechty m\u00f4\u017eete ma\u0165 od v\u00fdmyslu sveta. Ich pr\u00edpravu m\u00f4\u017eete necha\u0165 na \u0161pecializovan\u00fd sal\u00f3n alebo si zak\u00fapi\u0165 g\u00e9lov\u00fa sadu a gelov\u00e9 nechty si robi\u0165 v pohodl\u00ed domova. Sta\u010d\u00ed n\u00e1js\u0165 zop\u00e1r in\u0161pir\u00e1cie a s nechtami sa m\u00f4\u017eete vyhra\u0165 do s\u00fdtosti. G\u00e9lov\u00e9 nechty maj\u00fa \u00fa\u017easn\u00fa v\u00fdhodu oproti be\u017en\u00e9mu laku. Ak ich spr\u00e1vne urob\u00edte a pou\u017eijete kvalitn\u00fd g\u00e9l s UV Lampou m\u00f4\u017eete sa spo\u013eahn\u00fa\u0165 na trv\u00e1cne g\u00e9lov\u00e9 nechty po dobu nieko\u013ek\u00fdch t\u00fd\u017ed\u0148ov. Pri klasickej manipul\u00e1cii s rukami g\u00e9lov\u00e9 nechty vydr\u017eia v p\u00f4vodnom stave pribli\u017ene 4 t\u00fd\u017edne. Letn\u00e9 nechty v\u017edy h\u00fdria farbami. Oran\u017eov\u00e1, fialov\u00e1 a in\u00e9 \u017eiariv\u00e9 farby s\u00fa vidite\u013en\u00e9 na ka\u017edej druhej \u017eene. Zimn\u00e9 nechty sa nes\u00fa v znamen\u00ed \u010dervenej a bielej farby, \u010do n\u00e1m predstavuje Vianoce, Santa Clausa a zimu. Ak\u00e9 by mohli by\u0165 jarn\u00e9 nechty? Jar je obdob\u00edm kedy sa v\u0161etko preb\u00fadza. Va\u0161e nechty m\u00f4\u017eu by\u0165 pr\u00edjemnej neutr\u00e1lnej farby, laden\u00e9 do nude odtie\u0148ov. Pr\u00edjemn\u00e1 telov\u00e1 farba na nechtoch nikdy neomrz\u00ed. Tak\u00e9to menej v\u00fdrazn\u00e9 nechty s\u00fa elegantn\u00e9 a ve\u013emi \u017eensk\u00e9. Takisto s\u00fa ob\u013e\u00faben\u00e9 r\u00f4zne odtiene ru\u017eovej. \u017diarivo ru\u017eov\u00fa si nechajte na leto. Na jar zvo\u013ete rad\u0161ej decentn\u00fa p\u00faderov\u00fa \u010di marh\u00fa\u013ekovu farbu. Uvid\u00edte \u017ee k jarn\u00fdm outfitom sa pr\u00e1ve tak\u00e9to ne\u017en\u00e9 odtiene hodia. Ak nerady experimentujete s g\u00e9lov\u00fdmi nechtami stavte na klasiku. S\u00fa nimi ombr\u00e9 nechty. Skuto\u010dne elegantn\u00e9, \u0161t\u00fdlov\u00e9, \u017eensk\u00e9 ombr\u00e9 g\u00e9lov\u00e9 nechty. H\u013ead\u00e1te profesion\u00e1lne, kvalitne g\u00e9ly na nechty? Nav\u0161t\u00edvte internetov\u00fa str\u00e1nku d-nails.sk a vyberte si g\u00e9ly na nechty pre vlastn\u00e9 pou\u017eitie \u010di g\u00e9ly do svojho sal\u00f3nu.                                                                                                                                                                                                                                                                                                                                                                                          4.7\/5 - (4 votes)        "},{"@context":"https:\/\/schema.org\/","@type":"BreadcrumbList","itemListElement":[{"@type":"ListItem","position":1,"name":"G\u00e9lov\u00e9 nechty na ka\u017ed\u00e9 ro\u010dn\u00e9 obdobie","item":"https:\/\/www.denro.sk\/gelove-nechty-na-kazde-rocne-obdobie\/#breadcrumbitem"}]}]